{"id":5542,"date":"2026-08-30T18:30:00","date_gmt":"2026-08-30T16:30:00","guid":{"rendered":"https:\/\/firkusny.cz\/?p=5542"},"modified":"2026-08-30T09:11:42","modified_gmt":"2026-08-30T07:11:42","slug":"franz-schubert-a-passionate-traveller-and-solitary-wanderer","status":"publish","type":"post","link":"https:\/\/firkusny.cz\/en\/franz-schubert-a-passionate-traveller-and-solitary-wanderer\/","title":{"rendered":"Franz Schubert: a passionate traveller and solitary wanderer"},"content":{"rendered":"\n<p><a href=\"https:\/\/firkusny.cz\/en\/programme\/lukas-sternath-5-11-2026\/\">Lukas Sternath\u2019s concert on 5 November at the Rudolfinum<\/a> is dedicated to the theme of the pilgrimage. <strong>Franz Schubert\u2019<\/strong>s monumental <em>Wandererfantasie<\/em> will also be performed.<\/p>\n\n\n\n<p>In Schubert&#8217;s works, the traveller is a lonely, wandering outsider trapped within his own inner world. However, the native Viennese\u2019s fascination with the theme of travel may have been driven by a completely different motivation than mere lack of recognition, failing health and Prince Metternich\u2019s repressive regime. For he was, in fact, a passionate traveller!<\/p>\n\n\n\n<p>He left us a detailed travelogue of one of his holiday journeys in 1825 through the Austrian Salzkammergut region in his correspondence with his parents. In one of the letters, he writes: \u2018I spent six weeks in Gmunden, whose surroundings are truly divine, and just like its inhabitants \u2013 particularly the lovely Traweger \u2013 it moved me deeply and did me a world of good.\u2019 <\/p>\n\n\n\n<p>Together with his friend, the singer Johann Michael Vogel, they undertook excursions in the surrounding area, went on boat trips and played music practically every day at the home of their host, Ferdinand Traweger. Schubert also worked here on his <em>Great Symphony in C major<\/em>, which was admired by a number of Czech composers, including Bed\u0159ich Smetana, Anton\u00edn Dvo\u0159\u00e1k and the young Leo\u0161 Jan\u00e1\u010dek. It was not performed until eleven years after Schubert\u2019s death, when Felix Mendelssohn Bartholdy conducted it with his Gewandhausorchester in Leipzig in 1839.<\/p>\n\n\n\n<p>If you\u2019re an artistic soul, the Salzkammergut is highly recommended. Arnold Sch\u00f6nberg composed his first piece using the dodecaphonic technique here by Lake Traunsee, whilst the area around Lake Attersee was a favourite of Gustav Mahler and Gustav Klimt. So, if you\u2019re looking to compose a symphony or paint a magnificent painting, the Salzkammergut is the perfect destination!<\/p>\n","protected":false},"excerpt":{"rendered":"<p>Lukas Sternath\u2019s concert on 5 November at the Rudolfinum is dedicated to the theme of the pilgrimage. Franz Schubert\u2019s monumental Wandererfantasie will also be performed. In Schubert&#8217;s works, the traveller&#8230;<\/p>\n","protected":false},"author":8,"featured_media":5540,"comment_status":"closed","ping_status":"closed","sticky":false,"template":"","format":"standard","meta":{"footnotes":""},"categories":[3],"tags":[],"class_list":["post-5542","post","type-post","status-publish","format-standard","has-post-thumbnail","hentry","category-news"],"acf":[],"_links":{"self":[{"href":"https:\/\/firkusny.cz\/en\/wp-json\/wp\/v2\/posts\/5542","targetHints":{"allow":["GET"]}}],"collection":[{"href":"https:\/\/firkusny.cz\/en\/wp-json\/wp\/v2\/posts"}],"about":[{"href":"https:\/\/firkusny.cz\/en\/wp-json\/wp\/v2\/types\/post"}],"author":[{"embeddable":true,"href":"https:\/\/firkusny.cz\/en\/wp-json\/wp\/v2\/users\/8"}],"replies":[{"embeddable":true,"href":"https:\/\/firkusny.cz\/en\/wp-json\/wp\/v2\/comments?post=5542"}],"version-history":[{"count":3,"href":"https:\/\/firkusny.cz\/en\/wp-json\/wp\/v2\/posts\/5542\/revisions"}],"predecessor-version":[{"id":5549,"href":"https:\/\/firkusny.cz\/en\/wp-json\/wp\/v2\/posts\/5542\/revisions\/5549"}],"wp:featuredmedia":[{"embeddable":true,"href":"https:\/\/firkusny.cz\/en\/wp-json\/wp\/v2\/media\/5540"}],"wp:attachment":[{"href":"https:\/\/firkusny.cz\/en\/wp-json\/wp\/v2\/media?parent=5542"}],"wp:term":[{"taxonomy":"category","embeddable":true,"href":"https:\/\/firkusny.cz\/en\/wp-json\/wp\/v2\/categories?post=5542"},{"taxonomy":"post_tag","embeddable":true,"href":"https:\/\/firkusny.cz\/en\/wp-json\/wp\/v2\/tags?post=5542"}],"curies":[{"name":"wp","href":"https:\/\/api.w.org\/{rel}","templated":true}]}}